{"id":94,"date":"2010-10-19T21:43:49","date_gmt":"2010-10-19T19:43:49","guid":{"rendered":"http:\/\/www.associazioneculturalelavisana.it\/public\/?p=94"},"modified":"2010-11-20T18:26:17","modified_gmt":"2010-11-20T16:26:17","slug":"inaugurazione-edificio-corpo-storico-casa-di-riposo-lavis","status":"publish","type":"post","link":"https:\/\/www.associazioneculturalelavisana.it\/public\/?p=94","title":{"rendered":"Inaugurazione Edificio Corpo Storico Casa di Riposo Lavis"},"content":{"rendered":"<p>Sabato 6  novembre 2010 alle ore 10,00 sar\u00e0 inaugurato l&#8217;edificio Corpo Storico  della Casa di Riposo di Lavis, recentemente ristrutturato e riportato  alla sua architettura originaria.<br \/>\nPer l&#8217;occasione, l&#8217;Associazione Culturale  Lavisana ha collaborato alla predisposizione di un volumetto di semplici poesie scritte da  una signora che alla Casa di Riposo ha passato gran parte della sua  vita.<br \/>\nInfatti, l\u00ec \u00e8 nata, l\u00ec ha prestato la sua opera, l\u00ec ha trascorso i  suoi ultimi anni come ospite: Manuela Holzer, purtroppo recentemente  mancata.<br \/>\nIl Presidente della Casa di Riposo, dott. Renato Gianni  Brugnara, ha gentilmente esteso l&#8217;invito alla manifestazione a tutti gli Aderenti e simpatizzanti alla nostra  Associazione.<\/p>\n<p>Per l&#8217;occasione sul quotidiano &#8220;L&#8217;Adige&#8221; di data 23 ottobre 2010 a pagina 47 \u00e8 comparso <a href=\"http:\/\/associazioneculturalelavisana.it\/public\/wp-content\/uploads\/2010\/11\/casa_di_riposo.jpg\">questo articolo<\/a>.<\/p>\n","protected":false},"excerpt":{"rendered":"<p>Sabato 6 novembre 2010 alle ore 10,00 sar\u00e0 inaugurato l&#8217;edificio Corpo Storico della Casa di Riposo di Lavis, recentemente ristrutturato e riportato alla sua architettura originaria. Per l&#8217;occasione, l&#8217;Associazione Culturale Lavisana ha collaborato alla predisposizione di un volumetto di semplici poesie scritte da una signora che alla Casa di Riposo ha passato gran parte della [&hellip;]<\/p>\n","protected":false},"author":2,"featured_media":0,"comment_status":"closed","ping_status":"open","sticky":false,"template":"","format":"standard","meta":{"_acf_changed":false,"footnotes":""},"categories":[1],"tags":[],"class_list":["post-94","post","type-post","status-publish","format-standard","hentry","category-senza-categoria"],"acf":[],"_links":{"self":[{"href":"https:\/\/www.associazioneculturalelavisana.it\/public\/index.php?rest_route=\/wp\/v2\/posts\/94","targetHints":{"allow":["GET"]}}],"collection":[{"href":"https:\/\/www.associazioneculturalelavisana.it\/public\/index.php?rest_route=\/wp\/v2\/posts"}],"about":[{"href":"https:\/\/www.associazioneculturalelavisana.it\/public\/index.php?rest_route=\/wp\/v2\/types\/post"}],"author":[{"embeddable":true,"href":"https:\/\/www.associazioneculturalelavisana.it\/public\/index.php?rest_route=\/wp\/v2\/users\/2"}],"replies":[{"embeddable":true,"href":"https:\/\/www.associazioneculturalelavisana.it\/public\/index.php?rest_route=%2Fwp%2Fv2%2Fcomments&post=94"}],"version-history":[{"count":0,"href":"https:\/\/www.associazioneculturalelavisana.it\/public\/index.php?rest_route=\/wp\/v2\/posts\/94\/revisions"}],"wp:attachment":[{"href":"https:\/\/www.associazioneculturalelavisana.it\/public\/index.php?rest_route=%2Fwp%2Fv2%2Fmedia&parent=94"}],"wp:term":[{"taxonomy":"category","embeddable":true,"href":"https:\/\/www.associazioneculturalelavisana.it\/public\/index.php?rest_route=%2Fwp%2Fv2%2Fcategories&post=94"},{"taxonomy":"post_tag","embeddable":true,"href":"https:\/\/www.associazioneculturalelavisana.it\/public\/index.php?rest_route=%2Fwp%2Fv2%2Ftags&post=94"}],"curies":[{"name":"wp","href":"https:\/\/api.w.org\/{rel}","templated":true}]}}