{"id":701,"date":"2015-11-30T15:41:12","date_gmt":"2015-11-30T13:41:12","guid":{"rendered":"http:\/\/www.associazioneculturalelavisana.it\/public\/?p=701"},"modified":"2015-11-30T15:41:12","modified_gmt":"2015-11-30T13:41:12","slug":"san-nicolo-incontra-i-bambini-4","status":"publish","type":"post","link":"https:\/\/www.associazioneculturalelavisana.it\/public\/?p=701","title":{"rendered":"San Nicol\u00f2 incontra i Bambini"},"content":{"rendered":"<p><a href=\"http:\/\/www.associazioneculturalelavisana.it\/public\/wp-content\/uploads\/2015\/11\/san-nicolo.jpg\"><img loading=\"lazy\" decoding=\"async\" class=\"alignnone size-medium wp-image-706\" src=\"http:\/\/www.associazioneculturalelavisana.it\/public\/wp-content\/uploads\/2015\/11\/san-nicolo-300x217.jpg\" alt=\"San Nicol\u00f2\" width=\"300\" height=\"217\" srcset=\"https:\/\/www.associazioneculturalelavisana.it\/public\/wp-content\/uploads\/2015\/11\/san-nicolo-300x217.jpg 300w, https:\/\/www.associazioneculturalelavisana.it\/public\/wp-content\/uploads\/2015\/11\/san-nicolo.jpg 346w\" sizes=\"auto, (max-width: 300px) 100vw, 300px\" \/><\/a><\/p>\n<p>Come ogni anno San Nicol\u00f2 incontrer\u00e0 i bambini grandi e piccini per consegnare loro doni. Passer\u00e0 nel centro storico di Lavis <strong>sabato 5 dicembre 2015 dalle ore 18<\/strong>.<\/p>\n<p><a href=\"http:\/\/www.associazioneculturalelavisana.it\/public\/wp-content\/uploads\/2015\/11\/san-nicolo-2015.pdf\">Guarda la locandina<\/a><\/p>\n","protected":false},"excerpt":{"rendered":"<p>Come ogni anno San Nicol\u00f2 incontrer\u00e0 i bambini grandi e piccini per consegnare loro doni. Passer\u00e0 nel centro storico di Lavis sabato 5 dicembre 2015 dalle ore 18. Guarda la locandina<\/p>\n","protected":false},"author":3,"featured_media":0,"comment_status":"closed","ping_status":"open","sticky":false,"template":"","format":"standard","meta":{"_acf_changed":false,"footnotes":""},"categories":[10],"tags":[13],"class_list":["post-701","post","type-post","status-publish","format-standard","hentry","category-bambini-e-famiglie","tag-bambini-e-famiglie-2"],"acf":[],"_links":{"self":[{"href":"https:\/\/www.associazioneculturalelavisana.it\/public\/index.php?rest_route=\/wp\/v2\/posts\/701","targetHints":{"allow":["GET"]}}],"collection":[{"href":"https:\/\/www.associazioneculturalelavisana.it\/public\/index.php?rest_route=\/wp\/v2\/posts"}],"about":[{"href":"https:\/\/www.associazioneculturalelavisana.it\/public\/index.php?rest_route=\/wp\/v2\/types\/post"}],"author":[{"embeddable":true,"href":"https:\/\/www.associazioneculturalelavisana.it\/public\/index.php?rest_route=\/wp\/v2\/users\/3"}],"replies":[{"embeddable":true,"href":"https:\/\/www.associazioneculturalelavisana.it\/public\/index.php?rest_route=%2Fwp%2Fv2%2Fcomments&post=701"}],"version-history":[{"count":5,"href":"https:\/\/www.associazioneculturalelavisana.it\/public\/index.php?rest_route=\/wp\/v2\/posts\/701\/revisions"}],"predecessor-version":[{"id":711,"href":"https:\/\/www.associazioneculturalelavisana.it\/public\/index.php?rest_route=\/wp\/v2\/posts\/701\/revisions\/711"}],"wp:attachment":[{"href":"https:\/\/www.associazioneculturalelavisana.it\/public\/index.php?rest_route=%2Fwp%2Fv2%2Fmedia&parent=701"}],"wp:term":[{"taxonomy":"category","embeddable":true,"href":"https:\/\/www.associazioneculturalelavisana.it\/public\/index.php?rest_route=%2Fwp%2Fv2%2Fcategories&post=701"},{"taxonomy":"post_tag","embeddable":true,"href":"https:\/\/www.associazioneculturalelavisana.it\/public\/index.php?rest_route=%2Fwp%2Fv2%2Ftags&post=701"}],"curies":[{"name":"wp","href":"https:\/\/api.w.org\/{rel}","templated":true}]}}