{"id":64,"date":"2009-11-29T11:51:42","date_gmt":"2009-11-29T09:51:42","guid":{"rendered":"http:\/\/www.associazioneculturalelavisana.it\/public\/?p=64"},"modified":"2009-11-29T11:51:42","modified_gmt":"2009-11-29T09:51:42","slug":"fiera-dei-ciucioi-5%c2%b0-edizione-5-e-6122009","status":"publish","type":"post","link":"https:\/\/www.associazioneculturalelavisana.it\/public\/?p=64","title":{"rendered":"Fiera dei Ciucioi &#8211; 5\u00b0 edizione &#8211; 5 e 6\/12\/2009"},"content":{"rendered":"<p>Nell&#8217;ambito della 5\u00b0 edizione della &#8220;Fiera dei Ciucioi&#8221; che si svolger\u00e0 a Lavis il 5 ed il 6 dicembre 2009, la nostra associazione inaugurer\u00e0 presso il Palavis, sabato 5 dicembre p.v. alle ore 15.00, il percorso fotografico &#8220;100 anni della Trento-Mal\u00e8 a Lavis&#8221;, in contemporanea all&#8217;inaugurazione della mostra-mercato enogastronomica.<\/p>\n","protected":false},"excerpt":{"rendered":"<p>Nell&#8217;ambito della 5\u00b0 edizione della &#8220;Fiera dei Ciucioi&#8221; che si svolger\u00e0 a Lavis il 5 ed il 6 dicembre 2009, la nostra associazione inaugurer\u00e0 presso il Palavis, sabato 5 dicembre p.v. alle ore 15.00, il percorso fotografico &#8220;100 anni della Trento-Mal\u00e8 a Lavis&#8221;, in contemporanea all&#8217;inaugurazione della mostra-mercato enogastronomica.<\/p>\n","protected":false},"author":2,"featured_media":0,"comment_status":"closed","ping_status":"open","sticky":false,"template":"","format":"standard","meta":{"_acf_changed":false,"footnotes":""},"categories":[1],"tags":[],"class_list":["post-64","post","type-post","status-publish","format-standard","hentry","category-senza-categoria"],"acf":[],"_links":{"self":[{"href":"https:\/\/www.associazioneculturalelavisana.it\/public\/index.php?rest_route=\/wp\/v2\/posts\/64","targetHints":{"allow":["GET"]}}],"collection":[{"href":"https:\/\/www.associazioneculturalelavisana.it\/public\/index.php?rest_route=\/wp\/v2\/posts"}],"about":[{"href":"https:\/\/www.associazioneculturalelavisana.it\/public\/index.php?rest_route=\/wp\/v2\/types\/post"}],"author":[{"embeddable":true,"href":"https:\/\/www.associazioneculturalelavisana.it\/public\/index.php?rest_route=\/wp\/v2\/users\/2"}],"replies":[{"embeddable":true,"href":"https:\/\/www.associazioneculturalelavisana.it\/public\/index.php?rest_route=%2Fwp%2Fv2%2Fcomments&post=64"}],"version-history":[{"count":0,"href":"https:\/\/www.associazioneculturalelavisana.it\/public\/index.php?rest_route=\/wp\/v2\/posts\/64\/revisions"}],"wp:attachment":[{"href":"https:\/\/www.associazioneculturalelavisana.it\/public\/index.php?rest_route=%2Fwp%2Fv2%2Fmedia&parent=64"}],"wp:term":[{"taxonomy":"category","embeddable":true,"href":"https:\/\/www.associazioneculturalelavisana.it\/public\/index.php?rest_route=%2Fwp%2Fv2%2Fcategories&post=64"},{"taxonomy":"post_tag","embeddable":true,"href":"https:\/\/www.associazioneculturalelavisana.it\/public\/index.php?rest_route=%2Fwp%2Fv2%2Ftags&post=64"}],"curies":[{"name":"wp","href":"https:\/\/api.w.org\/{rel}","templated":true}]}}