{"id":614,"date":"2015-05-15T16:35:22","date_gmt":"2015-05-15T14:35:22","guid":{"rendered":"http:\/\/www.associazioneculturalelavisana.it\/public\/?p=614"},"modified":"2015-05-15T16:37:58","modified_gmt":"2015-05-15T14:37:58","slug":"io-tinta-di-aria","status":"publish","type":"post","link":"https:\/\/www.associazioneculturalelavisana.it\/public\/?p=614","title":{"rendered":"Io, tinta di aria"},"content":{"rendered":"<p><a href=\"http:\/\/www.associazioneculturalelavisana.it\/public\/wp-content\/uploads\/2015\/05\/io-tinta-di-aria.jpg\"><img loading=\"lazy\" decoding=\"async\" class=\"alignnone size-full wp-image-615\" title=\"Io, tinta di aria\" src=\"http:\/\/www.associazioneculturalelavisana.it\/public\/wp-content\/uploads\/2015\/05\/io-tinta-di-aria.jpg\" alt=\"\" width=\"300\" height=\"200\" \/><\/a><\/p>\n<p>Marted\u00ec 19 maggio 2015, alle ore 20.30 presso la Biblioteca Comunale di Lavis, don Marcello Farina presenter\u00e0 il libro <strong>Io, tinta di aria<\/strong> di Nadia Ioriatti, alla presenza dell&#8217;Autrice.<\/p>\n<p>Qualche informazione in pi\u00f9 sulla <a href=\"http:\/\/www.associazioneculturalelavisana.it\/public\/wp-content\/uploads\/2015\/05\/io-tinta-di-aria.pdf\">locandina<\/a><strong><\/strong><\/p>\n","protected":false},"excerpt":{"rendered":"<p>Marted\u00ec 19 maggio 2015, alle ore 20.30 presso la Biblioteca Comunale di Lavis, don Marcello Farina presenter\u00e0 il libro Io, tinta di aria di Nadia Ioriatti, alla presenza dell&#8217;Autrice. Qualche informazione in pi\u00f9 sulla locandina<\/p>\n","protected":false},"author":3,"featured_media":0,"comment_status":"closed","ping_status":"open","sticky":false,"template":"","format":"standard","meta":{"_acf_changed":false,"footnotes":""},"categories":[18],"tags":[19],"class_list":["post-614","post","type-post","status-publish","format-standard","hentry","category-presentazione-di-libri","tag-presentazione-di-libri-2"],"acf":[],"_links":{"self":[{"href":"https:\/\/www.associazioneculturalelavisana.it\/public\/index.php?rest_route=\/wp\/v2\/posts\/614","targetHints":{"allow":["GET"]}}],"collection":[{"href":"https:\/\/www.associazioneculturalelavisana.it\/public\/index.php?rest_route=\/wp\/v2\/posts"}],"about":[{"href":"https:\/\/www.associazioneculturalelavisana.it\/public\/index.php?rest_route=\/wp\/v2\/types\/post"}],"author":[{"embeddable":true,"href":"https:\/\/www.associazioneculturalelavisana.it\/public\/index.php?rest_route=\/wp\/v2\/users\/3"}],"replies":[{"embeddable":true,"href":"https:\/\/www.associazioneculturalelavisana.it\/public\/index.php?rest_route=%2Fwp%2Fv2%2Fcomments&post=614"}],"version-history":[{"count":14,"href":"https:\/\/www.associazioneculturalelavisana.it\/public\/index.php?rest_route=\/wp\/v2\/posts\/614\/revisions"}],"predecessor-version":[{"id":629,"href":"https:\/\/www.associazioneculturalelavisana.it\/public\/index.php?rest_route=\/wp\/v2\/posts\/614\/revisions\/629"}],"wp:attachment":[{"href":"https:\/\/www.associazioneculturalelavisana.it\/public\/index.php?rest_route=%2Fwp%2Fv2%2Fmedia&parent=614"}],"wp:term":[{"taxonomy":"category","embeddable":true,"href":"https:\/\/www.associazioneculturalelavisana.it\/public\/index.php?rest_route=%2Fwp%2Fv2%2Fcategories&post=614"},{"taxonomy":"post_tag","embeddable":true,"href":"https:\/\/www.associazioneculturalelavisana.it\/public\/index.php?rest_route=%2Fwp%2Fv2%2Ftags&post=614"}],"curies":[{"name":"wp","href":"https:\/\/api.w.org\/{rel}","templated":true}]}}