{"id":58,"date":"2009-04-25T16:22:50","date_gmt":"2009-04-25T14:22:50","guid":{"rendered":"http:\/\/www.associazioneculturalelavisana.it\/public\/?p=58"},"modified":"2009-04-25T16:22:50","modified_gmt":"2009-04-25T14:22:50","slug":"lavis-primo-maggio-100-anni-dopo","status":"publish","type":"post","link":"https:\/\/www.associazioneculturalelavisana.it\/public\/?p=58","title":{"rendered":"Lavis: primo maggio 100 anni dopo"},"content":{"rendered":"<p>Gioved\u00ec 30 aprile alle ore 20.30 presso l&#8217;Auditorium Comunale di Lavis avr\u00e0 luogo un incontro denominato &#8220;<a href=\"http:\/\/www.associazioneculturalelavisana.it\/public\/wp-content\/uploads\/2009\/04\/lavis-primo-maggio-100-anni-dopo.pdf\" target=\"_blank\">Lavis: primo maggio 100 anni dopo<\/a>&#8220;, a cui tutta la cittadinanza \u00e8 invitata.<\/p>\n","protected":false},"excerpt":{"rendered":"<p>Gioved\u00ec 30 aprile alle ore 20.30 presso l&#8217;Auditorium Comunale di Lavis avr\u00e0 luogo un incontro denominato &#8220;Lavis: primo maggio 100 anni dopo&#8220;, a cui tutta la cittadinanza \u00e8 invitata.<\/p>\n","protected":false},"author":2,"featured_media":0,"comment_status":"closed","ping_status":"closed","sticky":false,"template":"","format":"standard","meta":{"_acf_changed":false,"footnotes":""},"categories":[1],"tags":[],"class_list":["post-58","post","type-post","status-publish","format-standard","hentry","category-senza-categoria"],"acf":[],"_links":{"self":[{"href":"https:\/\/www.associazioneculturalelavisana.it\/public\/index.php?rest_route=\/wp\/v2\/posts\/58","targetHints":{"allow":["GET"]}}],"collection":[{"href":"https:\/\/www.associazioneculturalelavisana.it\/public\/index.php?rest_route=\/wp\/v2\/posts"}],"about":[{"href":"https:\/\/www.associazioneculturalelavisana.it\/public\/index.php?rest_route=\/wp\/v2\/types\/post"}],"author":[{"embeddable":true,"href":"https:\/\/www.associazioneculturalelavisana.it\/public\/index.php?rest_route=\/wp\/v2\/users\/2"}],"replies":[{"embeddable":true,"href":"https:\/\/www.associazioneculturalelavisana.it\/public\/index.php?rest_route=%2Fwp%2Fv2%2Fcomments&post=58"}],"version-history":[{"count":0,"href":"https:\/\/www.associazioneculturalelavisana.it\/public\/index.php?rest_route=\/wp\/v2\/posts\/58\/revisions"}],"wp:attachment":[{"href":"https:\/\/www.associazioneculturalelavisana.it\/public\/index.php?rest_route=%2Fwp%2Fv2%2Fmedia&parent=58"}],"wp:term":[{"taxonomy":"category","embeddable":true,"href":"https:\/\/www.associazioneculturalelavisana.it\/public\/index.php?rest_route=%2Fwp%2Fv2%2Fcategories&post=58"},{"taxonomy":"post_tag","embeddable":true,"href":"https:\/\/www.associazioneculturalelavisana.it\/public\/index.php?rest_route=%2Fwp%2Fv2%2Ftags&post=58"}],"curies":[{"name":"wp","href":"https:\/\/api.w.org\/{rel}","templated":true}]}}