{"id":390,"date":"2014-05-01T08:18:37","date_gmt":"2014-05-01T06:18:37","guid":{"rendered":"http:\/\/www.associazioneculturalelavisana.it\/public\/?p=390"},"modified":"2015-04-24T11:35:20","modified_gmt":"2015-04-24T09:35:20","slug":"economia-lavoro-fra-storia-attualita","status":"publish","type":"post","link":"https:\/\/www.associazioneculturalelavisana.it\/public\/?p=390","title":{"rendered":"Economia &#038; Lavoro fra Storia &#038; Attualit\u00e0"},"content":{"rendered":"<p>Mercoled\u00ec 7 maggio alle ore 20:30 presso il Palazzo de Maffei, la nostra Associazione in collaborazione con l&#8217;Assessorato alla Cultura del Comune di Lavis e il Circolo Culturale Lavistaperta organizzer\u00e0 una Conferenza dal titolo &#8220;<a href=\"http:\/\/www.associazioneculturalelavisana.it\/public\/wp-content\/uploads\/2014\/05\/convegno-sul-lavoro.pdf\" target=\"_blank\">Economia &amp; Lavoro fra Storia &amp; Attualit\u00e0<\/a>&#8220;.<br \/>\nLa prima parte &#8220;Economia e lavoro nel Trentino nella Grande Guerra&#8221; avr\u00e0 come relatore Daniele Donati, mentre la seconda parte &#8220;I lavori nel 2014&#8221; sar\u00e0 condotta da Franco Ianeselli.<\/p>\n","protected":false},"excerpt":{"rendered":"<p>Mercoled\u00ec 7 maggio alle ore 20:30 presso il Palazzo de Maffei, la nostra Associazione in collaborazione con l&#8217;Assessorato alla Cultura del Comune di Lavis e il Circolo Culturale Lavistaperta organizzer\u00e0 una Conferenza dal titolo &#8220;Economia &amp; Lavoro fra Storia &amp; Attualit\u00e0&#8220;. La prima parte &#8220;Economia e lavoro nel Trentino nella Grande Guerra&#8221; avr\u00e0 come relatore [&hellip;]<\/p>\n","protected":false},"author":2,"featured_media":0,"comment_status":"closed","ping_status":"open","sticky":false,"template":"","format":"standard","meta":{"_acf_changed":false,"footnotes":""},"categories":[15],"tags":[17],"class_list":["post-390","post","type-post","status-publish","format-standard","hentry","category-incontro","tag-incontro-2"],"acf":[],"_links":{"self":[{"href":"https:\/\/www.associazioneculturalelavisana.it\/public\/index.php?rest_route=\/wp\/v2\/posts\/390","targetHints":{"allow":["GET"]}}],"collection":[{"href":"https:\/\/www.associazioneculturalelavisana.it\/public\/index.php?rest_route=\/wp\/v2\/posts"}],"about":[{"href":"https:\/\/www.associazioneculturalelavisana.it\/public\/index.php?rest_route=\/wp\/v2\/types\/post"}],"author":[{"embeddable":true,"href":"https:\/\/www.associazioneculturalelavisana.it\/public\/index.php?rest_route=\/wp\/v2\/users\/2"}],"replies":[{"embeddable":true,"href":"https:\/\/www.associazioneculturalelavisana.it\/public\/index.php?rest_route=%2Fwp%2Fv2%2Fcomments&post=390"}],"version-history":[{"count":2,"href":"https:\/\/www.associazioneculturalelavisana.it\/public\/index.php?rest_route=\/wp\/v2\/posts\/390\/revisions"}],"predecessor-version":[{"id":487,"href":"https:\/\/www.associazioneculturalelavisana.it\/public\/index.php?rest_route=\/wp\/v2\/posts\/390\/revisions\/487"}],"wp:attachment":[{"href":"https:\/\/www.associazioneculturalelavisana.it\/public\/index.php?rest_route=%2Fwp%2Fv2%2Fmedia&parent=390"}],"wp:term":[{"taxonomy":"category","embeddable":true,"href":"https:\/\/www.associazioneculturalelavisana.it\/public\/index.php?rest_route=%2Fwp%2Fv2%2Fcategories&post=390"},{"taxonomy":"post_tag","embeddable":true,"href":"https:\/\/www.associazioneculturalelavisana.it\/public\/index.php?rest_route=%2Fwp%2Fv2%2Ftags&post=390"}],"curies":[{"name":"wp","href":"https:\/\/api.w.org\/{rel}","templated":true}]}}