{"id":358,"date":"2013-10-04T22:25:27","date_gmt":"2013-10-04T20:25:27","guid":{"rendered":"http:\/\/www.associazioneculturalelavisana.it\/public\/?p=358"},"modified":"2015-04-24T15:43:40","modified_gmt":"2015-04-24T13:43:40","slug":"sacre-immagini-della-madonna","status":"publish","type":"post","link":"https:\/\/www.associazioneculturalelavisana.it\/public\/?p=358","title":{"rendered":"Sacre Immagini della Madonna"},"content":{"rendered":"<p>Presso il Palazzon de&#8217;Maffei dal 6 al 27 ottobre sar\u00e0 presente una mostra di raffigurazioni mariane da archivi e collezioni locali dal titolo &#8220;<a href=\"http:\/\/www.associazioneculturalelavisana.it\/public\/wp-content\/uploads\/2013\/10\/sacreimmagini.pdf\" target=\"_blank\">Sacre Immagini della Madonna<\/a>&#8220;.<br \/>\nL&#8217;orario di apertura sar\u00e0 dal luned\u00ec al venerd\u00ec dalle 16:00 alle 18:00 mentre sabato e domenica la mostra sar\u00e0 aperta dalle 10:00 alle 12:00 e dalle 16:00 alle 18.00<\/p>\n","protected":false},"excerpt":{"rendered":"<p>Presso il Palazzon de&#8217;Maffei dal 6 al 27 ottobre sar\u00e0 presente una mostra di raffigurazioni mariane da archivi e collezioni locali dal titolo &#8220;Sacre Immagini della Madonna&#8220;. L&#8217;orario di apertura sar\u00e0 dal luned\u00ec al venerd\u00ec dalle 16:00 alle 18:00 mentre sabato e domenica la mostra sar\u00e0 aperta dalle 10:00 alle 12:00 e dalle 16:00 alle [&hellip;]<\/p>\n","protected":false},"author":2,"featured_media":0,"comment_status":"closed","ping_status":"open","sticky":false,"template":"","format":"standard","meta":{"_acf_changed":false,"footnotes":""},"categories":[20],"tags":[21],"class_list":["post-358","post","type-post","status-publish","format-standard","hentry","category-mostra","tag-mostra-2"],"acf":[],"_links":{"self":[{"href":"https:\/\/www.associazioneculturalelavisana.it\/public\/index.php?rest_route=\/wp\/v2\/posts\/358","targetHints":{"allow":["GET"]}}],"collection":[{"href":"https:\/\/www.associazioneculturalelavisana.it\/public\/index.php?rest_route=\/wp\/v2\/posts"}],"about":[{"href":"https:\/\/www.associazioneculturalelavisana.it\/public\/index.php?rest_route=\/wp\/v2\/types\/post"}],"author":[{"embeddable":true,"href":"https:\/\/www.associazioneculturalelavisana.it\/public\/index.php?rest_route=\/wp\/v2\/users\/2"}],"replies":[{"embeddable":true,"href":"https:\/\/www.associazioneculturalelavisana.it\/public\/index.php?rest_route=%2Fwp%2Fv2%2Fcomments&post=358"}],"version-history":[{"count":3,"href":"https:\/\/www.associazioneculturalelavisana.it\/public\/index.php?rest_route=\/wp\/v2\/posts\/358\/revisions"}],"predecessor-version":[{"id":513,"href":"https:\/\/www.associazioneculturalelavisana.it\/public\/index.php?rest_route=\/wp\/v2\/posts\/358\/revisions\/513"}],"wp:attachment":[{"href":"https:\/\/www.associazioneculturalelavisana.it\/public\/index.php?rest_route=%2Fwp%2Fv2%2Fmedia&parent=358"}],"wp:term":[{"taxonomy":"category","embeddable":true,"href":"https:\/\/www.associazioneculturalelavisana.it\/public\/index.php?rest_route=%2Fwp%2Fv2%2Fcategories&post=358"},{"taxonomy":"post_tag","embeddable":true,"href":"https:\/\/www.associazioneculturalelavisana.it\/public\/index.php?rest_route=%2Fwp%2Fv2%2Ftags&post=358"}],"curies":[{"name":"wp","href":"https:\/\/api.w.org\/{rel}","templated":true}]}}