{"id":348,"date":"2013-07-08T22:46:11","date_gmt":"2013-07-08T20:46:11","guid":{"rendered":"http:\/\/www.associazioneculturalelavisana.it\/public\/?p=348"},"modified":"2015-04-24T15:46:16","modified_gmt":"2015-04-24T13:46:16","slug":"boteghe-e-artesani","status":"publish","type":"post","link":"https:\/\/www.associazioneculturalelavisana.it\/public\/?p=348","title":{"rendered":"Boteghe e Artesani"},"content":{"rendered":"<p>L&#8217;Associazione Culturale Lavisana &#8211; all&#8217;interno della manifestazione Porteghi e Spiazi, organizzata dalla Pro Loco Lavis &#8211; propone un salto nelle antiche botteghe e nei laboratori dei vecchi  artigiani lavisani. Uno sguardo nel passato per rivivere antiche arti e  mestieri che ormai sono quasi del tutto scomparsi, lavori dove l&#8217;abilit\u00e0  dell&#8217;uomo sapeva mescolarsi alla fatica ma anche alla poesia di fare  bene le cose.<br \/>\nLa raccolta fotografica dal titolo &#8220;<a href=\"http:\/\/www.associazioneculturalelavisana.it\/public\/wp-content\/uploads\/2013\/07\/boteghe.jpg\" target=\"_blank\">Boteghe e Artesani<\/a>&#8221;\u00a0 \u00e8 il frutto del meticoloso lavoro di AURELIO RASINI, recentemente scomparso, che per anni \u00e8 stato l&#8217;anima ed il motore instancabile dell&#8217;Associazione Culturale Lavisana. La mostra si terr\u00e0 in via Matteotti 14, nel locale precedentemente occupato dal negozio &#8220;Robe di Sport&#8221; e successivamente\u00a0 da una palestra. L&#8217;inaugurazione avverr\u00e0 venerd\u00ec 12 luglio 2013 alle ore 19.30.<\/p>\n","protected":false},"excerpt":{"rendered":"<p>L&#8217;Associazione Culturale Lavisana &#8211; all&#8217;interno della manifestazione Porteghi e Spiazi, organizzata dalla Pro Loco Lavis &#8211; propone un salto nelle antiche botteghe e nei laboratori dei vecchi artigiani lavisani. Uno sguardo nel passato per rivivere antiche arti e mestieri che ormai sono quasi del tutto scomparsi, lavori dove l&#8217;abilit\u00e0 dell&#8217;uomo sapeva mescolarsi alla fatica ma [&hellip;]<\/p>\n","protected":false},"author":2,"featured_media":0,"comment_status":"closed","ping_status":"open","sticky":false,"template":"","format":"standard","meta":{"_acf_changed":false,"footnotes":""},"categories":[20],"tags":[21],"class_list":["post-348","post","type-post","status-publish","format-standard","hentry","category-mostra","tag-mostra-2"],"acf":[],"_links":{"self":[{"href":"https:\/\/www.associazioneculturalelavisana.it\/public\/index.php?rest_route=\/wp\/v2\/posts\/348","targetHints":{"allow":["GET"]}}],"collection":[{"href":"https:\/\/www.associazioneculturalelavisana.it\/public\/index.php?rest_route=\/wp\/v2\/posts"}],"about":[{"href":"https:\/\/www.associazioneculturalelavisana.it\/public\/index.php?rest_route=\/wp\/v2\/types\/post"}],"author":[{"embeddable":true,"href":"https:\/\/www.associazioneculturalelavisana.it\/public\/index.php?rest_route=\/wp\/v2\/users\/2"}],"replies":[{"embeddable":true,"href":"https:\/\/www.associazioneculturalelavisana.it\/public\/index.php?rest_route=%2Fwp%2Fv2%2Fcomments&post=348"}],"version-history":[{"count":3,"href":"https:\/\/www.associazioneculturalelavisana.it\/public\/index.php?rest_route=\/wp\/v2\/posts\/348\/revisions"}],"predecessor-version":[{"id":517,"href":"https:\/\/www.associazioneculturalelavisana.it\/public\/index.php?rest_route=\/wp\/v2\/posts\/348\/revisions\/517"}],"wp:attachment":[{"href":"https:\/\/www.associazioneculturalelavisana.it\/public\/index.php?rest_route=%2Fwp%2Fv2%2Fmedia&parent=348"}],"wp:term":[{"taxonomy":"category","embeddable":true,"href":"https:\/\/www.associazioneculturalelavisana.it\/public\/index.php?rest_route=%2Fwp%2Fv2%2Fcategories&post=348"},{"taxonomy":"post_tag","embeddable":true,"href":"https:\/\/www.associazioneculturalelavisana.it\/public\/index.php?rest_route=%2Fwp%2Fv2%2Ftags&post=348"}],"curies":[{"name":"wp","href":"https:\/\/api.w.org\/{rel}","templated":true}]}}