{"id":277,"date":"2012-08-22T22:25:49","date_gmt":"2012-08-22T20:25:49","guid":{"rendered":"http:\/\/www.associazioneculturalelavisana.it\/public\/?p=277"},"modified":"2015-05-04T21:36:45","modified_gmt":"2015-05-04T19:36:45","slug":"conferenza-il-voto-di-lavis-a-maria","status":"publish","type":"post","link":"https:\/\/www.associazioneculturalelavisana.it\/public\/?p=277","title":{"rendered":"Conferenza &#8220;Il voto di Lavis a Maria&#8221;"},"content":{"rendered":"<p>Siamo lieti di invitare tutta la popolazione alla conferenza &#8220;<a href=\"http:\/\/www.associazioneculturalelavisana.it\/public\/wp-content\/uploads\/2012\/08\/Manifesto_Voto_2.pdf.pdf\" target=\"_blank\">Il voto di Lavis a Maria<\/a>&#8221; che si svolger\u00e0 il 4 settembre 2012 presso il palazzo &#8220;De Maffei&#8221;.<br \/>\nAndrea Brugnara parler\u00e0 delle &#8220;Origini storiche del Voto a Maria&#8221;, mentre Don Vittorio Zanotelli intratter\u00e0 i presenti sulla &#8220;Devozione mariana per il Cristiano&#8221;<\/p>\n","protected":false},"excerpt":{"rendered":"<p>Siamo lieti di invitare tutta la popolazione alla conferenza &#8220;Il voto di Lavis a Maria&#8221; che si svolger\u00e0 il 4 settembre 2012 presso il palazzo &#8220;De Maffei&#8221;. Andrea Brugnara parler\u00e0 delle &#8220;Origini storiche del Voto a Maria&#8221;, mentre Don Vittorio Zanotelli intratter\u00e0 i presenti sulla &#8220;Devozione mariana per il Cristiano&#8221;<\/p>\n","protected":false},"author":2,"featured_media":0,"comment_status":"closed","ping_status":"open","sticky":false,"template":"","format":"standard","meta":{"_acf_changed":false,"footnotes":""},"categories":[15],"tags":[17],"class_list":["post-277","post","type-post","status-publish","format-standard","hentry","category-incontro","tag-incontro-2"],"acf":[],"_links":{"self":[{"href":"https:\/\/www.associazioneculturalelavisana.it\/public\/index.php?rest_route=\/wp\/v2\/posts\/277","targetHints":{"allow":["GET"]}}],"collection":[{"href":"https:\/\/www.associazioneculturalelavisana.it\/public\/index.php?rest_route=\/wp\/v2\/posts"}],"about":[{"href":"https:\/\/www.associazioneculturalelavisana.it\/public\/index.php?rest_route=\/wp\/v2\/types\/post"}],"author":[{"embeddable":true,"href":"https:\/\/www.associazioneculturalelavisana.it\/public\/index.php?rest_route=\/wp\/v2\/users\/2"}],"replies":[{"embeddable":true,"href":"https:\/\/www.associazioneculturalelavisana.it\/public\/index.php?rest_route=%2Fwp%2Fv2%2Fcomments&post=277"}],"version-history":[{"count":3,"href":"https:\/\/www.associazioneculturalelavisana.it\/public\/index.php?rest_route=\/wp\/v2\/posts\/277\/revisions"}],"predecessor-version":[{"id":551,"href":"https:\/\/www.associazioneculturalelavisana.it\/public\/index.php?rest_route=\/wp\/v2\/posts\/277\/revisions\/551"}],"wp:attachment":[{"href":"https:\/\/www.associazioneculturalelavisana.it\/public\/index.php?rest_route=%2Fwp%2Fv2%2Fmedia&parent=277"}],"wp:term":[{"taxonomy":"category","embeddable":true,"href":"https:\/\/www.associazioneculturalelavisana.it\/public\/index.php?rest_route=%2Fwp%2Fv2%2Fcategories&post=277"},{"taxonomy":"post_tag","embeddable":true,"href":"https:\/\/www.associazioneculturalelavisana.it\/public\/index.php?rest_route=%2Fwp%2Fv2%2Ftags&post=277"}],"curies":[{"name":"wp","href":"https:\/\/api.w.org\/{rel}","templated":true}]}}