{"id":188,"date":"2011-12-07T21:42:38","date_gmt":"2011-12-07T19:42:38","guid":{"rendered":"http:\/\/www.associazioneculturalelavisana.it\/public\/?p=188"},"modified":"2011-12-07T21:48:52","modified_gmt":"2011-12-07T19:48:52","slug":"quei-cortili-cosi-tristi-senza-verde","status":"publish","type":"post","link":"https:\/\/www.associazioneculturalelavisana.it\/public\/?p=188","title":{"rendered":"Quei cortili cos\u00ec tristi senza verde"},"content":{"rendered":"<p>Luned\u00ec 5 dicembre sul quotidiano L&#8217;Adige a pagina 5 &#8211; Cultura e Societ\u00e0 &#8211; \u00e8 comparso un interessante articolo dal titolo <a href=\"http:\/\/www.associazioneculturalelavisana.it\/public\/wp-content\/uploads\/2011\/12\/conferenze_giardini.pdf\" target=\"_blank\">&#8220;Quei cortili cos\u00ec tristi senza verde&#8221;<\/a> dove viene riportata l&#8217;intervista all&#8217;agronomo e paesaggista Emanuele Bortolotti\u00a0 autore del volume\u00a0 \u00abIl giardino inaspettato\u00bb (Electa, 216 pagine, 49 euro).<br \/>\nBortolotti \u00e8 stato ospite sabato 3 dicembre scorso della nostra Associazione a Lavis, dove ha parlato della sua particolare visione sul verde urbano. Per l\u2019autore, infatti,<br \/>\n\u00abesiste un enorme potenziale di piccoli spazi e aree private, al di l\u00e0 delle grandi strategie di sviluppo del verde urbano, su cui \u00e8 possibile lavorare in tempi brevi e tramutare in angoli verdi, in grado di cambiare l\u2019immagine e la fruibilit\u00e0 della citt\u00e0\u00bb.<\/p>\n","protected":false},"excerpt":{"rendered":"<p>Luned\u00ec 5 dicembre sul quotidiano L&#8217;Adige a pagina 5 &#8211; Cultura e Societ\u00e0 &#8211; \u00e8 comparso un interessante articolo dal titolo &#8220;Quei cortili cos\u00ec tristi senza verde&#8221; dove viene riportata l&#8217;intervista all&#8217;agronomo e paesaggista Emanuele Bortolotti\u00a0 autore del volume\u00a0 \u00abIl giardino inaspettato\u00bb (Electa, 216 pagine, 49 euro). Bortolotti \u00e8 stato ospite sabato 3 dicembre scorso [&hellip;]<\/p>\n","protected":false},"author":2,"featured_media":0,"comment_status":"closed","ping_status":"open","sticky":false,"template":"","format":"standard","meta":{"_acf_changed":false,"footnotes":""},"categories":[1],"tags":[],"class_list":["post-188","post","type-post","status-publish","format-standard","hentry","category-senza-categoria"],"acf":[],"_links":{"self":[{"href":"https:\/\/www.associazioneculturalelavisana.it\/public\/index.php?rest_route=\/wp\/v2\/posts\/188","targetHints":{"allow":["GET"]}}],"collection":[{"href":"https:\/\/www.associazioneculturalelavisana.it\/public\/index.php?rest_route=\/wp\/v2\/posts"}],"about":[{"href":"https:\/\/www.associazioneculturalelavisana.it\/public\/index.php?rest_route=\/wp\/v2\/types\/post"}],"author":[{"embeddable":true,"href":"https:\/\/www.associazioneculturalelavisana.it\/public\/index.php?rest_route=\/wp\/v2\/users\/2"}],"replies":[{"embeddable":true,"href":"https:\/\/www.associazioneculturalelavisana.it\/public\/index.php?rest_route=%2Fwp%2Fv2%2Fcomments&post=188"}],"version-history":[{"count":2,"href":"https:\/\/www.associazioneculturalelavisana.it\/public\/index.php?rest_route=\/wp\/v2\/posts\/188\/revisions"}],"predecessor-version":[{"id":191,"href":"https:\/\/www.associazioneculturalelavisana.it\/public\/index.php?rest_route=\/wp\/v2\/posts\/188\/revisions\/191"}],"wp:attachment":[{"href":"https:\/\/www.associazioneculturalelavisana.it\/public\/index.php?rest_route=%2Fwp%2Fv2%2Fmedia&parent=188"}],"wp:term":[{"taxonomy":"category","embeddable":true,"href":"https:\/\/www.associazioneculturalelavisana.it\/public\/index.php?rest_route=%2Fwp%2Fv2%2Fcategories&post=188"},{"taxonomy":"post_tag","embeddable":true,"href":"https:\/\/www.associazioneculturalelavisana.it\/public\/index.php?rest_route=%2Fwp%2Fv2%2Ftags&post=188"}],"curies":[{"name":"wp","href":"https:\/\/api.w.org\/{rel}","templated":true}]}}