{"id":180,"date":"2011-11-27T22:07:42","date_gmt":"2011-11-27T20:07:42","guid":{"rendered":"http:\/\/www.associazioneculturalelavisana.it\/public\/?p=180"},"modified":"2015-04-24T11:27:49","modified_gmt":"2015-04-24T09:27:49","slug":"san-nicolo-incontra-i-bambini","status":"publish","type":"post","link":"https:\/\/www.associazioneculturalelavisana.it\/public\/?p=180","title":{"rendered":"San Nicol\u00f2 incontra i Bambini"},"content":{"rendered":"<p>Anche quest&#8217;anno<a href=\"http:\/\/www.associazioneculturalelavisana.it\/public\/wp-content\/uploads\/2011\/11\/sannicolo.pdf\" target=\"_blank\"> San Nicol\u00f2 incontra i bambini<\/a> nel Centro Storico di Lavis, luned\u00ec 5 dicembre alle ore 17:00 e nel Centro Storico di Prssano, marted\u00ec 6 dicembre alle ore 17:00.<br \/>\nCi saranno doni per grandi e piccini e sar\u00e0 possibile scrivere la letterina a Ges\u00f9 Bambino.<br \/>\n<em>San Nicol\u00f2 da Bari, la festa  dei scolari, la festa dei putei&#8230;.sona tuti i campanei! Popi comportave ben!<\/em><\/p>\n","protected":false},"excerpt":{"rendered":"<p>Anche quest&#8217;anno San Nicol\u00f2 incontra i bambini nel Centro Storico di Lavis, luned\u00ec 5 dicembre alle ore 17:00 e nel Centro Storico di Prssano, marted\u00ec 6 dicembre alle ore 17:00. Ci saranno doni per grandi e piccini e sar\u00e0 possibile scrivere la letterina a Ges\u00f9 Bambino. San Nicol\u00f2 da Bari, la festa dei scolari, la [&hellip;]<\/p>\n","protected":false},"author":2,"featured_media":0,"comment_status":"closed","ping_status":"open","sticky":false,"template":"","format":"standard","meta":{"_acf_changed":false,"footnotes":""},"categories":[10],"tags":[13],"class_list":["post-180","post","type-post","status-publish","format-standard","hentry","category-bambini-e-famiglie","tag-bambini-e-famiglie-2"],"acf":[],"_links":{"self":[{"href":"https:\/\/www.associazioneculturalelavisana.it\/public\/index.php?rest_route=\/wp\/v2\/posts\/180","targetHints":{"allow":["GET"]}}],"collection":[{"href":"https:\/\/www.associazioneculturalelavisana.it\/public\/index.php?rest_route=\/wp\/v2\/posts"}],"about":[{"href":"https:\/\/www.associazioneculturalelavisana.it\/public\/index.php?rest_route=\/wp\/v2\/types\/post"}],"author":[{"embeddable":true,"href":"https:\/\/www.associazioneculturalelavisana.it\/public\/index.php?rest_route=\/wp\/v2\/users\/2"}],"replies":[{"embeddable":true,"href":"https:\/\/www.associazioneculturalelavisana.it\/public\/index.php?rest_route=%2Fwp%2Fv2%2Fcomments&post=180"}],"version-history":[{"count":6,"href":"https:\/\/www.associazioneculturalelavisana.it\/public\/index.php?rest_route=\/wp\/v2\/posts\/180\/revisions"}],"predecessor-version":[{"id":476,"href":"https:\/\/www.associazioneculturalelavisana.it\/public\/index.php?rest_route=\/wp\/v2\/posts\/180\/revisions\/476"}],"wp:attachment":[{"href":"https:\/\/www.associazioneculturalelavisana.it\/public\/index.php?rest_route=%2Fwp%2Fv2%2Fmedia&parent=180"}],"wp:term":[{"taxonomy":"category","embeddable":true,"href":"https:\/\/www.associazioneculturalelavisana.it\/public\/index.php?rest_route=%2Fwp%2Fv2%2Fcategories&post=180"},{"taxonomy":"post_tag","embeddable":true,"href":"https:\/\/www.associazioneculturalelavisana.it\/public\/index.php?rest_route=%2Fwp%2Fv2%2Ftags&post=180"}],"curies":[{"name":"wp","href":"https:\/\/api.w.org\/{rel}","templated":true}]}}