{"id":156,"date":"2011-09-17T22:32:10","date_gmt":"2011-09-17T20:32:10","guid":{"rendered":"http:\/\/www.associazioneculturalelavisana.it\/public\/?p=156"},"modified":"2015-05-04T21:58:08","modified_gmt":"2015-05-04T19:58:08","slug":"corsi-serali-per-adulti","status":"publish","type":"post","link":"https:\/\/www.associazioneculturalelavisana.it\/public\/?p=156","title":{"rendered":"Corsi Serali per adulti"},"content":{"rendered":"<p>Anche quest&#8217;anno l&#8217;Istituto Comprensivo di Lavis, in piena  collaborazione con la Cassa Rurale di Lavis-Valle di Cembra ed i comuni  di Lavis e Zambana, ha programmato una serie di corsi serali,  indirizzati agli adulti. Chiunque abbia gi\u00e0 compiuto i sedici anni potr\u00e0  cos\u00ec frequentare, da ottobre, i corsi previsti: italiano per stranieri,  inglese, tedesco ed informatica. Ognuno di essi preveder\u00e0 diversi  livelli di difficolt\u00e0: vi saranno corsi di livello base o per  principianti, ed altri gi\u00e0 di media difficolt\u00e0 o persino di livello  progredito.<br \/>\nPer ulteriori informazioni, pubblichiamo (<a href=\"http:\/\/www.associazioneculturalelavisana.it\/public\/wp-content\/uploads\/2011\/09\/Istituto-Comprensivo-di-Lavis.pdf\" target=\"_blank\">clicca qui<\/a>) l&#8217;articolo comparso sul sito www.larotaliana.it a cura di Daniele Erler.<\/p>\n","protected":false},"excerpt":{"rendered":"<p>Anche quest&#8217;anno l&#8217;Istituto Comprensivo di Lavis, in piena collaborazione con la Cassa Rurale di Lavis-Valle di Cembra ed i comuni di Lavis e Zambana, ha programmato una serie di corsi serali, indirizzati agli adulti. Chiunque abbia gi\u00e0 compiuto i sedici anni potr\u00e0 cos\u00ec frequentare, da ottobre, i corsi previsti: italiano per stranieri, inglese, tedesco ed [&hellip;]<\/p>\n","protected":false},"author":2,"featured_media":0,"comment_status":"closed","ping_status":"open","sticky":false,"template":"","format":"standard","meta":{"_acf_changed":false,"footnotes":""},"categories":[14],"tags":[16],"class_list":["post-156","post","type-post","status-publish","format-standard","hentry","category-corso","tag-corso-2"],"acf":[],"_links":{"self":[{"href":"https:\/\/www.associazioneculturalelavisana.it\/public\/index.php?rest_route=\/wp\/v2\/posts\/156","targetHints":{"allow":["GET"]}}],"collection":[{"href":"https:\/\/www.associazioneculturalelavisana.it\/public\/index.php?rest_route=\/wp\/v2\/posts"}],"about":[{"href":"https:\/\/www.associazioneculturalelavisana.it\/public\/index.php?rest_route=\/wp\/v2\/types\/post"}],"author":[{"embeddable":true,"href":"https:\/\/www.associazioneculturalelavisana.it\/public\/index.php?rest_route=\/wp\/v2\/users\/2"}],"replies":[{"embeddable":true,"href":"https:\/\/www.associazioneculturalelavisana.it\/public\/index.php?rest_route=%2Fwp%2Fv2%2Fcomments&post=156"}],"version-history":[{"count":4,"href":"https:\/\/www.associazioneculturalelavisana.it\/public\/index.php?rest_route=\/wp\/v2\/posts\/156\/revisions"}],"predecessor-version":[{"id":569,"href":"https:\/\/www.associazioneculturalelavisana.it\/public\/index.php?rest_route=\/wp\/v2\/posts\/156\/revisions\/569"}],"wp:attachment":[{"href":"https:\/\/www.associazioneculturalelavisana.it\/public\/index.php?rest_route=%2Fwp%2Fv2%2Fmedia&parent=156"}],"wp:term":[{"taxonomy":"category","embeddable":true,"href":"https:\/\/www.associazioneculturalelavisana.it\/public\/index.php?rest_route=%2Fwp%2Fv2%2Fcategories&post=156"},{"taxonomy":"post_tag","embeddable":true,"href":"https:\/\/www.associazioneculturalelavisana.it\/public\/index.php?rest_route=%2Fwp%2Fv2%2Ftags&post=156"}],"curies":[{"name":"wp","href":"https:\/\/api.w.org\/{rel}","templated":true}]}}