{"id":147,"date":"2011-09-09T23:11:46","date_gmt":"2011-09-09T21:11:46","guid":{"rendered":"http:\/\/www.associazioneculturalelavisana.it\/public\/?p=147"},"modified":"2011-09-09T23:12:07","modified_gmt":"2011-09-09T21:12:07","slug":"il-paese-delle-7-fontane","status":"publish","type":"post","link":"https:\/\/www.associazioneculturalelavisana.it\/public\/?p=147","title":{"rendered":"Il paese delle 7 fontane"},"content":{"rendered":"<p>Giovanni Rossi ha pubblicato su <a href=\"http:\/\/www.associazioneculturalelavisana.it\/public\/wp-content\/uploads\/2011\/09\/fontane.pdf\" target=\"_blank\">&#8220;Vita Trentina&#8221; del 14 agosto 2011<\/a> un interessante articolo intitolato &#8220;Il paese delle 7 fontane non c&#8217;\u00e8 pi\u00f9&#8221;, che ripercorre il lento scomparire di tutte le fontane presenti nel nostro paese. Ormai delle originali 7 ne \u00e8 rimasta solo una risalente al XVIII secolo presente ancora in piazza Manci.<\/p>\n<p>&nbsp;<\/p>\n","protected":false},"excerpt":{"rendered":"<p>Giovanni Rossi ha pubblicato su &#8220;Vita Trentina&#8221; del 14 agosto 2011 un interessante articolo intitolato &#8220;Il paese delle 7 fontane non c&#8217;\u00e8 pi\u00f9&#8221;, che ripercorre il lento scomparire di tutte le fontane presenti nel nostro paese. Ormai delle originali 7 ne \u00e8 rimasta solo una risalente al XVIII secolo presente ancora in piazza Manci. &nbsp;<\/p>\n","protected":false},"author":2,"featured_media":0,"comment_status":"closed","ping_status":"open","sticky":false,"template":"","format":"standard","meta":{"_acf_changed":false,"footnotes":""},"categories":[1],"tags":[],"class_list":["post-147","post","type-post","status-publish","format-standard","hentry","category-senza-categoria"],"acf":[],"_links":{"self":[{"href":"https:\/\/www.associazioneculturalelavisana.it\/public\/index.php?rest_route=\/wp\/v2\/posts\/147","targetHints":{"allow":["GET"]}}],"collection":[{"href":"https:\/\/www.associazioneculturalelavisana.it\/public\/index.php?rest_route=\/wp\/v2\/posts"}],"about":[{"href":"https:\/\/www.associazioneculturalelavisana.it\/public\/index.php?rest_route=\/wp\/v2\/types\/post"}],"author":[{"embeddable":true,"href":"https:\/\/www.associazioneculturalelavisana.it\/public\/index.php?rest_route=\/wp\/v2\/users\/2"}],"replies":[{"embeddable":true,"href":"https:\/\/www.associazioneculturalelavisana.it\/public\/index.php?rest_route=%2Fwp%2Fv2%2Fcomments&post=147"}],"version-history":[{"count":2,"href":"https:\/\/www.associazioneculturalelavisana.it\/public\/index.php?rest_route=\/wp\/v2\/posts\/147\/revisions"}],"predecessor-version":[{"id":150,"href":"https:\/\/www.associazioneculturalelavisana.it\/public\/index.php?rest_route=\/wp\/v2\/posts\/147\/revisions\/150"}],"wp:attachment":[{"href":"https:\/\/www.associazioneculturalelavisana.it\/public\/index.php?rest_route=%2Fwp%2Fv2%2Fmedia&parent=147"}],"wp:term":[{"taxonomy":"category","embeddable":true,"href":"https:\/\/www.associazioneculturalelavisana.it\/public\/index.php?rest_route=%2Fwp%2Fv2%2Fcategories&post=147"},{"taxonomy":"post_tag","embeddable":true,"href":"https:\/\/www.associazioneculturalelavisana.it\/public\/index.php?rest_route=%2Fwp%2Fv2%2Ftags&post=147"}],"curies":[{"name":"wp","href":"https:\/\/api.w.org\/{rel}","templated":true}]}}