{"id":143,"date":"2011-08-09T21:41:57","date_gmt":"2011-08-09T19:41:57","guid":{"rendered":"http:\/\/www.associazioneculturalelavisana.it\/public\/?p=143"},"modified":"2011-08-09T21:41:57","modified_gmt":"2011-08-09T19:41:57","slug":"la-grande-guerra-e-il-trentino-fra-neutralismo-ed-interventismo","status":"publish","type":"post","link":"https:\/\/www.associazioneculturalelavisana.it\/public\/?p=143","title":{"rendered":"La Grande Guerra e il Trentino. Fra neutralismo ed interventismo"},"content":{"rendered":"<p>Sul quotidiano &#8220;L&#8217;Adige&#8221; di marted\u00ec 9 agosto a pagina 9 (Cultura e Societ\u00e0) \u00e8 stato pubblicato un interessantissimo articolo di Andrea Casna (<a href=\"http:\/\/www.associazioneculturalelavisana.it\/public\/wp-content\/uploads\/2011\/08\/20110809_adige.pdf\" target=\"_blank\">leggi qui<\/a>) relativamente al libro scritto da Luigi Sardi dal titolo &#8220;La Grande Guerra e il Trentino. Fra neutralismo ed interventismo&#8221;.<br \/>\nQuesto testo &#8220;nasce dalla necessit\u00e0 di non perdere la memoria\u00bb, soprattutto perch\u00e8 &#8220;La Grande Guerra&#8221; fu l\u2019evento che cambi\u00f2 radicalmente il mondo, non solo dal punto di vista geografico, ma anche sociale.<br \/>\nMut\u00f2 il modo di vivere e di fare politica e vi fu il passaggio da un mondo agricolo a quello industriale. Infine fu uno dei<br \/>\nmomenti pi\u00f9 importanti per la storia del Trentino: gli irredentisti si sentirono liberati, gli altri, al<br \/>\ncontrario, conquistati.<\/p>\n","protected":false},"excerpt":{"rendered":"<p>Sul quotidiano &#8220;L&#8217;Adige&#8221; di marted\u00ec 9 agosto a pagina 9 (Cultura e Societ\u00e0) \u00e8 stato pubblicato un interessantissimo articolo di Andrea Casna (leggi qui) relativamente al libro scritto da Luigi Sardi dal titolo &#8220;La Grande Guerra e il Trentino. Fra neutralismo ed interventismo&#8221;. Questo testo &#8220;nasce dalla necessit\u00e0 di non perdere la memoria\u00bb, soprattutto perch\u00e8 [&hellip;]<\/p>\n","protected":false},"author":2,"featured_media":0,"comment_status":"closed","ping_status":"open","sticky":false,"template":"","format":"standard","meta":{"_acf_changed":false,"footnotes":""},"categories":[1],"tags":[],"class_list":["post-143","post","type-post","status-publish","format-standard","hentry","category-senza-categoria"],"acf":[],"_links":{"self":[{"href":"https:\/\/www.associazioneculturalelavisana.it\/public\/index.php?rest_route=\/wp\/v2\/posts\/143","targetHints":{"allow":["GET"]}}],"collection":[{"href":"https:\/\/www.associazioneculturalelavisana.it\/public\/index.php?rest_route=\/wp\/v2\/posts"}],"about":[{"href":"https:\/\/www.associazioneculturalelavisana.it\/public\/index.php?rest_route=\/wp\/v2\/types\/post"}],"author":[{"embeddable":true,"href":"https:\/\/www.associazioneculturalelavisana.it\/public\/index.php?rest_route=\/wp\/v2\/users\/2"}],"replies":[{"embeddable":true,"href":"https:\/\/www.associazioneculturalelavisana.it\/public\/index.php?rest_route=%2Fwp%2Fv2%2Fcomments&post=143"}],"version-history":[{"count":1,"href":"https:\/\/www.associazioneculturalelavisana.it\/public\/index.php?rest_route=\/wp\/v2\/posts\/143\/revisions"}],"predecessor-version":[{"id":145,"href":"https:\/\/www.associazioneculturalelavisana.it\/public\/index.php?rest_route=\/wp\/v2\/posts\/143\/revisions\/145"}],"wp:attachment":[{"href":"https:\/\/www.associazioneculturalelavisana.it\/public\/index.php?rest_route=%2Fwp%2Fv2%2Fmedia&parent=143"}],"wp:term":[{"taxonomy":"category","embeddable":true,"href":"https:\/\/www.associazioneculturalelavisana.it\/public\/index.php?rest_route=%2Fwp%2Fv2%2Fcategories&post=143"},{"taxonomy":"post_tag","embeddable":true,"href":"https:\/\/www.associazioneculturalelavisana.it\/public\/index.php?rest_route=%2Fwp%2Fv2%2Ftags&post=143"}],"curies":[{"name":"wp","href":"https:\/\/api.w.org\/{rel}","templated":true}]}}