{"id":1411,"date":"2021-04-18T18:56:03","date_gmt":"2021-04-18T16:56:03","guid":{"rendered":"http:\/\/www.associazioneculturalelavisana.it\/public\/?p=1411"},"modified":"2021-04-18T18:56:03","modified_gmt":"2021-04-18T16:56:03","slug":"assemblea-ordinaria-2021","status":"publish","type":"post","link":"https:\/\/www.associazioneculturalelavisana.it\/public\/?p=1411","title":{"rendered":"Assemblea ordinaria 2021"},"content":{"rendered":"<p>Come ogni anno \u00e8 giunto il momento di convocare l&#8217;<strong>Assemblea dei Soci<\/strong> per informare tutti i nostri tesserati sulle attivit\u00e0 svolte e per approvare il bilancio dell&#8217;anno precedente.<\/p>\n<p>L&#8217;Assemblea <strong>si terr\u00e0 on-line sulla piattaforma Google Meet<\/strong> il giorno luned\u00ec 19 aprile 2021 alle ore 06.00 in prima convocazione e, qualora andasse deserta, in seconda convocazione il giorno <strong>marted\u00ec 20 aprile 2021 alle ore 20.30<\/strong>.<\/p>\n<p>Per avere il link di accesso inviare una mail a\u00a0<strong>procultura.lavis@gmail.com<\/strong>.<\/p>\n<p>L&#8217;<strong>ordine del giorno<\/strong> sar\u00e0 il seguente:<\/p>\n<p>&#8211; Relazione finanziaria ed approvazione bilancio 2020<br \/>\n&#8211; Programma di massima attivit\u00e0 2021<br \/>\n&#8211; Varie ed eventuali<\/p>\n<p>Purtroppo la situazione di emergenza sanitaria dovuta al Covid non permette di\u00a0convocare riunioni in presenza e quindi il Presidente, in accordo con il Direttivo,\u00a0ha pensato di\u00a0organizzare l&#8217;Assemblea dei Soci on-line.<\/p>\n<p>Siamo consapevoli che le riunioni in presenza siano molto pi\u00f9 empatiche, ma abbiamo preferito non rimandare, vista l&#8217;incertezza che rimane anche per il prossimo futuro.<\/p>\n<p>Per qualsiasi informazione non esitate a scrivere\u00a0a <strong>procultura.lavis@gmail.com<\/strong>.<\/p>\n","protected":false},"excerpt":{"rendered":"<p>Come ogni anno \u00e8 giunto il momento di convocare l&#8217;Assemblea dei Soci per informare tutti i nostri tesserati sulle attivit\u00e0 svolte e per approvare il bilancio dell&#8217;anno precedente. L&#8217;Assemblea si terr\u00e0 on-line sulla piattaforma Google Meet il giorno luned\u00ec 19 aprile 2021 alle ore 06.00 in prima convocazione e, qualora andasse deserta, in seconda convocazione [&hellip;]<\/p>\n","protected":false},"author":3,"featured_media":0,"comment_status":"closed","ping_status":"open","sticky":false,"template":"","format":"standard","meta":{"_acf_changed":false,"footnotes":""},"categories":[4],"tags":[5],"class_list":["post-1411","post","type-post","status-publish","format-standard","hentry","category-assemblea","tag-assemblea-2"],"acf":[],"_links":{"self":[{"href":"https:\/\/www.associazioneculturalelavisana.it\/public\/index.php?rest_route=\/wp\/v2\/posts\/1411","targetHints":{"allow":["GET"]}}],"collection":[{"href":"https:\/\/www.associazioneculturalelavisana.it\/public\/index.php?rest_route=\/wp\/v2\/posts"}],"about":[{"href":"https:\/\/www.associazioneculturalelavisana.it\/public\/index.php?rest_route=\/wp\/v2\/types\/post"}],"author":[{"embeddable":true,"href":"https:\/\/www.associazioneculturalelavisana.it\/public\/index.php?rest_route=\/wp\/v2\/users\/3"}],"replies":[{"embeddable":true,"href":"https:\/\/www.associazioneculturalelavisana.it\/public\/index.php?rest_route=%2Fwp%2Fv2%2Fcomments&post=1411"}],"version-history":[{"count":5,"href":"https:\/\/www.associazioneculturalelavisana.it\/public\/index.php?rest_route=\/wp\/v2\/posts\/1411\/revisions"}],"predecessor-version":[{"id":1416,"href":"https:\/\/www.associazioneculturalelavisana.it\/public\/index.php?rest_route=\/wp\/v2\/posts\/1411\/revisions\/1416"}],"wp:attachment":[{"href":"https:\/\/www.associazioneculturalelavisana.it\/public\/index.php?rest_route=%2Fwp%2Fv2%2Fmedia&parent=1411"}],"wp:term":[{"taxonomy":"category","embeddable":true,"href":"https:\/\/www.associazioneculturalelavisana.it\/public\/index.php?rest_route=%2Fwp%2Fv2%2Fcategories&post=1411"},{"taxonomy":"post_tag","embeddable":true,"href":"https:\/\/www.associazioneculturalelavisana.it\/public\/index.php?rest_route=%2Fwp%2Fv2%2Ftags&post=1411"}],"curies":[{"name":"wp","href":"https:\/\/api.w.org\/{rel}","templated":true}]}}