{"id":137,"date":"2011-06-24T09:00:25","date_gmt":"2011-06-24T07:00:25","guid":{"rendered":"http:\/\/www.associazioneculturalelavisana.it\/public\/?p=137"},"modified":"2011-06-24T09:00:25","modified_gmt":"2011-06-24T07:00:25","slug":"don-grazioli-e-quell%e2%80%99idea-di-autonomia","status":"publish","type":"post","link":"https:\/\/www.associazioneculturalelavisana.it\/public\/?p=137","title":{"rendered":"Don Grazioli e quell\u2019idea di autonomia"},"content":{"rendered":"<p>Sul quotidiano &#8220;L&#8217;Adige&#8221; di venerd\u00ec 24 giugno alla pagina 11 &#8211; Cultura e Societ\u00e0 \u00e8 stato pubblicato un interessantissimo articolo a cura di Andrea Casna dal titolo &#8220;Don Grazioli e quell\u2019idea di autonomia&#8221;, che vi invitiamo a leggere cliccando su <a href=\"http:\/\/www.associazioneculturalelavisana.it\/public\/wp-content\/uploads\/2011\/06\/don-grazioli.pdf\" target=\"_blank\">questo link<\/a><\/p>\n","protected":false},"excerpt":{"rendered":"<p>Sul quotidiano &#8220;L&#8217;Adige&#8221; di venerd\u00ec 24 giugno alla pagina 11 &#8211; Cultura e Societ\u00e0 \u00e8 stato pubblicato un interessantissimo articolo a cura di Andrea Casna dal titolo &#8220;Don Grazioli e quell\u2019idea di autonomia&#8221;, che vi invitiamo a leggere cliccando su questo link<\/p>\n","protected":false},"author":2,"featured_media":0,"comment_status":"closed","ping_status":"open","sticky":false,"template":"","format":"standard","meta":{"_acf_changed":false,"footnotes":""},"categories":[1],"tags":[],"class_list":["post-137","post","type-post","status-publish","format-standard","hentry","category-senza-categoria"],"acf":[],"_links":{"self":[{"href":"https:\/\/www.associazioneculturalelavisana.it\/public\/index.php?rest_route=\/wp\/v2\/posts\/137","targetHints":{"allow":["GET"]}}],"collection":[{"href":"https:\/\/www.associazioneculturalelavisana.it\/public\/index.php?rest_route=\/wp\/v2\/posts"}],"about":[{"href":"https:\/\/www.associazioneculturalelavisana.it\/public\/index.php?rest_route=\/wp\/v2\/types\/post"}],"author":[{"embeddable":true,"href":"https:\/\/www.associazioneculturalelavisana.it\/public\/index.php?rest_route=\/wp\/v2\/users\/2"}],"replies":[{"embeddable":true,"href":"https:\/\/www.associazioneculturalelavisana.it\/public\/index.php?rest_route=%2Fwp%2Fv2%2Fcomments&post=137"}],"version-history":[{"count":1,"href":"https:\/\/www.associazioneculturalelavisana.it\/public\/index.php?rest_route=\/wp\/v2\/posts\/137\/revisions"}],"predecessor-version":[{"id":139,"href":"https:\/\/www.associazioneculturalelavisana.it\/public\/index.php?rest_route=\/wp\/v2\/posts\/137\/revisions\/139"}],"wp:attachment":[{"href":"https:\/\/www.associazioneculturalelavisana.it\/public\/index.php?rest_route=%2Fwp%2Fv2%2Fmedia&parent=137"}],"wp:term":[{"taxonomy":"category","embeddable":true,"href":"https:\/\/www.associazioneculturalelavisana.it\/public\/index.php?rest_route=%2Fwp%2Fv2%2Fcategories&post=137"},{"taxonomy":"post_tag","embeddable":true,"href":"https:\/\/www.associazioneculturalelavisana.it\/public\/index.php?rest_route=%2Fwp%2Fv2%2Ftags&post=137"}],"curies":[{"name":"wp","href":"https:\/\/api.w.org\/{rel}","templated":true}]}}