{"id":1174,"date":"2018-11-29T21:56:45","date_gmt":"2018-11-29T19:56:45","guid":{"rendered":"http:\/\/www.associazioneculturalelavisana.it\/public\/?p=1174"},"modified":"2018-11-29T21:56:45","modified_gmt":"2018-11-29T19:56:45","slug":"san-nicolo-incontra-i-bambini-7","status":"publish","type":"post","link":"https:\/\/www.associazioneculturalelavisana.it\/public\/?p=1174","title":{"rendered":"San Nicol\u00f2 incontra i bambini"},"content":{"rendered":"<table style=\"width: 100%;\" border=\"0\" cellspacing=\"10\" cellpadding=\"0\">\n<tbody>\n<tr>\n<td style=\"vertical-align: top;\"><a href=\" http:\/\/www.associazioneculturalelavisana.it\/public\/wp-content\/uploads\/2018\/11\/san-nicolo-2018.jpg\" target=\"_blank\"><img decoding=\"async\" src=\" http:\/\/www.associazioneculturalelavisana.it\/public\/wp-content\/uploads\/2018\/11\/san-nicolo-2018.jpg \" alt=\"San Nicol\u00f2\" width=\"212\" \/><br \/>\n<\/a><\/td>\n<td style=\"vertical-align: top;\"><strong>Il tradizionale appuntamento con\u00a0il Santo e i Krampus<\/strong><\/p>\n<p>Come ogni anno San Nicol\u00f2 incontrer\u00e0 i bimbi\u00a0grandi e piccini per consegnare loro dolcissimi doni.<br \/>\nPasser\u00e0 nel centro storico di Lavis<strong> mercoled\u00ec 5 dicembre<\/strong> 2018 dalle ore 17.30.<br \/>\nSar\u00e0 accompagnato dagli angioletti e dai terribili Krampus.<\/p>\n<p>Non mancate!<\/td>\n<\/tr>\n<\/tbody>\n<\/table>\n","protected":false},"excerpt":{"rendered":"<p>Il tradizionale appuntamento con\u00a0il Santo e i Krampus Come ogni anno San Nicol\u00f2 incontrer\u00e0 i bimbi\u00a0grandi e piccini per consegnare loro dolcissimi doni. Passer\u00e0 nel centro storico di Lavis mercoled\u00ec 5 dicembre 2018 dalle ore 17.30. Sar\u00e0 accompagnato dagli angioletti e dai terribili Krampus. Non mancate!<\/p>\n","protected":false},"author":3,"featured_media":0,"comment_status":"closed","ping_status":"open","sticky":false,"template":"","format":"standard","meta":{"_acf_changed":false,"footnotes":""},"categories":[1],"tags":[],"class_list":["post-1174","post","type-post","status-publish","format-standard","hentry","category-senza-categoria"],"acf":[],"_links":{"self":[{"href":"https:\/\/www.associazioneculturalelavisana.it\/public\/index.php?rest_route=\/wp\/v2\/posts\/1174","targetHints":{"allow":["GET"]}}],"collection":[{"href":"https:\/\/www.associazioneculturalelavisana.it\/public\/index.php?rest_route=\/wp\/v2\/posts"}],"about":[{"href":"https:\/\/www.associazioneculturalelavisana.it\/public\/index.php?rest_route=\/wp\/v2\/types\/post"}],"author":[{"embeddable":true,"href":"https:\/\/www.associazioneculturalelavisana.it\/public\/index.php?rest_route=\/wp\/v2\/users\/3"}],"replies":[{"embeddable":true,"href":"https:\/\/www.associazioneculturalelavisana.it\/public\/index.php?rest_route=%2Fwp%2Fv2%2Fcomments&post=1174"}],"version-history":[{"count":14,"href":"https:\/\/www.associazioneculturalelavisana.it\/public\/index.php?rest_route=\/wp\/v2\/posts\/1174\/revisions"}],"predecessor-version":[{"id":1188,"href":"https:\/\/www.associazioneculturalelavisana.it\/public\/index.php?rest_route=\/wp\/v2\/posts\/1174\/revisions\/1188"}],"wp:attachment":[{"href":"https:\/\/www.associazioneculturalelavisana.it\/public\/index.php?rest_route=%2Fwp%2Fv2%2Fmedia&parent=1174"}],"wp:term":[{"taxonomy":"category","embeddable":true,"href":"https:\/\/www.associazioneculturalelavisana.it\/public\/index.php?rest_route=%2Fwp%2Fv2%2Fcategories&post=1174"},{"taxonomy":"post_tag","embeddable":true,"href":"https:\/\/www.associazioneculturalelavisana.it\/public\/index.php?rest_route=%2Fwp%2Fv2%2Ftags&post=1174"}],"curies":[{"name":"wp","href":"https:\/\/api.w.org\/{rel}","templated":true}]}}