{"id":106,"date":"2011-02-18T23:40:54","date_gmt":"2011-02-18T21:40:54","guid":{"rendered":"http:\/\/www.associazioneculturalelavisana.it\/public\/?p=106"},"modified":"2011-02-18T23:46:43","modified_gmt":"2011-02-18T21:46:43","slug":"burattini-di-unterveger","status":"publish","type":"post","link":"https:\/\/www.associazioneculturalelavisana.it\/public\/?p=106","title":{"rendered":"Burattini di Unterveger"},"content":{"rendered":"<p>In questi giorni \u00e8 stata organizzata una mostra dedicata a Giorgio Unterveger\u00a0 nel Palazzo de Maffei a Lavis, a cura dell\u2019associazione teatrale \u00abIride\u00bb dal titolo \u00abI burattini dei nonni. Mostra di burattini dell\u2019Ottocento di Giorgio Unterveger\u00bb.<br \/>\nLa mostra ospita, assieme ad altri modelli provenienti da collezioni private, una decina di burattini, ideati e costruiti da Unterveger che fanno parte della raccolta privata del burattinaio lombardo Walter Broggini.<br \/>\nDocumenti, maschere e scenografie raccontano la storia del teatro trentino di burattini che si sviluppa fra il XVII e XVIII secolo allorquando il Collegio dei Gesuiti di Trento promosse una grande attivit\u00e0 teatrale prediligendo le narrazioni di personaggi storico-religiosi.<br \/>\nI padri della chiesa, infatti, mostrandosi severi nei confronti degli attori, furono pi\u00f9 tolleranti nei confronti delle teste di legno, forse perch\u00e9 il burattinaio non compare come figura fisica e quindi non soggetto alla vanit\u00e0 della carne.<br \/>\nNel corso del XIX secolo, l\u2019et\u00e0 d\u2019oro degli spettacoli dei burattini, Unterveger fu uno dei principali interpreti di questa forma di espressivit\u00e0 artistica. Pittore e decoratore, fu ideatore e costruttore di burattini con quella puntigliosit\u00e0 nel dare ad ogni burattino un connotato fisico ben preciso, spesso singolare, come nel caso di particolari tic o movimenti di singole parti del viso, con l\u2019obiettivo di ottenere effetti singolari come gonfiare le gote o far apparire un bernoccolo sulla testa.<\/p>\n","protected":false},"excerpt":{"rendered":"<p>In questi giorni \u00e8 stata organizzata una mostra dedicata a Giorgio Unterveger\u00a0 nel Palazzo de Maffei a Lavis, a cura dell\u2019associazione teatrale \u00abIride\u00bb dal titolo \u00abI burattini dei nonni. Mostra di burattini dell\u2019Ottocento di Giorgio Unterveger\u00bb. La mostra ospita, assieme ad altri modelli provenienti da collezioni private, una decina di burattini, ideati e costruiti da [&hellip;]<\/p>\n","protected":false},"author":2,"featured_media":0,"comment_status":"closed","ping_status":"open","sticky":false,"template":"","format":"standard","meta":{"_acf_changed":false,"footnotes":""},"categories":[1],"tags":[],"class_list":["post-106","post","type-post","status-publish","format-standard","hentry","category-senza-categoria"],"acf":[],"_links":{"self":[{"href":"https:\/\/www.associazioneculturalelavisana.it\/public\/index.php?rest_route=\/wp\/v2\/posts\/106","targetHints":{"allow":["GET"]}}],"collection":[{"href":"https:\/\/www.associazioneculturalelavisana.it\/public\/index.php?rest_route=\/wp\/v2\/posts"}],"about":[{"href":"https:\/\/www.associazioneculturalelavisana.it\/public\/index.php?rest_route=\/wp\/v2\/types\/post"}],"author":[{"embeddable":true,"href":"https:\/\/www.associazioneculturalelavisana.it\/public\/index.php?rest_route=\/wp\/v2\/users\/2"}],"replies":[{"embeddable":true,"href":"https:\/\/www.associazioneculturalelavisana.it\/public\/index.php?rest_route=%2Fwp%2Fv2%2Fcomments&post=106"}],"version-history":[{"count":0,"href":"https:\/\/www.associazioneculturalelavisana.it\/public\/index.php?rest_route=\/wp\/v2\/posts\/106\/revisions"}],"wp:attachment":[{"href":"https:\/\/www.associazioneculturalelavisana.it\/public\/index.php?rest_route=%2Fwp%2Fv2%2Fmedia&parent=106"}],"wp:term":[{"taxonomy":"category","embeddable":true,"href":"https:\/\/www.associazioneculturalelavisana.it\/public\/index.php?rest_route=%2Fwp%2Fv2%2Fcategories&post=106"},{"taxonomy":"post_tag","embeddable":true,"href":"https:\/\/www.associazioneculturalelavisana.it\/public\/index.php?rest_route=%2Fwp%2Fv2%2Ftags&post=106"}],"curies":[{"name":"wp","href":"https:\/\/api.w.org\/{rel}","templated":true}]}}